{"id":1105,"date":"2015-09-25T18:29:52","date_gmt":"2015-09-25T18:29:52","guid":{"rendered":"http:\/\/www.davidgamizjimenez.com\/es\/?p=1105"},"modified":"2018-10-07T10:09:23","modified_gmt":"2018-10-07T10:09:23","slug":"espanol-mezcla-de-gentes-y-el-futuro-de-espana","status":"publish","type":"post","link":"http:\/\/www.davidgamizjimenez.com\/ca\/equothings-mine-or-from-my-head\/espanol-mezcla-de-gentes-y-el-futuro-de-espana\/","title":{"rendered":"Barreja de gents i el futur d&#8217;Espanya"},"content":{"rendered":"<p><span id=\"result_box\" class=\"\" lang=\"ca\" tabindex=\"-1\"><span title=\"Futuro, pero tambi\u00e9n presente y pasado... \">Futur, per\u00f2 tamb\u00e9 present i passat&#8230;<\/span><\/span><\/p>\n<p><span title=\"En Julio mi primo Josemari vino al Rock Festival en Santaco... Vaya ratico mas weno que eche con el y su coleguita de Madrid. \">Al juliol meu cos\u00ed Josemari va venir al Rock Festival a Santaco&#8230; Vaja estoneta mes wena que tiri amb l&#8217;i la seva coleguita de Madrid.<\/span><\/p>\n<p><span title=\"Y claro, salio el tema de la independencia en Catalu\u00f1a y todo eso. \">I \u00e9s clar, va sortir el tema de la independ\u00e8ncia a Catalunya i tot aix\u00f2.<\/span><\/p>\n<p><span title=\"Mi primo para mi es un ejemplo de la integraci\u00f3n Andaluza en el Pa\u00eds Vasco.\">El meu cos\u00ed per mi \u00e9s un exemple de la integraci\u00f3 Andalusa al Pa\u00eds Basc. <\/span><span title=\"Pero es algo m\u00e1s, es mi familia.\">Per\u00f2 \u00e9s una cosa m\u00e9s, \u00e9s la meva fam\u00edlia. <\/span><span title=\"Es mi conexi\u00f3n con el Pueblo Vasco.\">\u00c9s la meva connexi\u00f3 amb el Poble Basc. <\/span><span title=\"Me gusta y quiero al Pa\u00eds Vasco y mi conexi\u00f3n es mi familia de Barakaldo.\">M&#8217;agrada i vull al Pa\u00eds Basc i la meva connexi\u00f3 \u00e9s la meva fam\u00edlia de Barakaldo. <\/span><span title=\"Cuando veo algo de all\u00ed o estoy all\u00ed estoy como en casa, porque mi familia es de all\u00ed y estar en familia es estar como en casa. \">Quan veig una mica d&#8217;all\u00e0 o estic all\u00e0 estic com a casa, perqu\u00e8 la meva fam\u00edlia \u00e9s d&#8217;all\u00e0 i estar en fam\u00edlia \u00e9s estar com a casa.<\/span><\/p>\n<p><span title=\"Y como no mi primo y yo estamos de acuerdo en esto, a fuego. \">I com no el meu cos\u00ed i jo estem d&#8217;acord en aix\u00f2, a foc.<\/span><\/p>\n<p><span title=\"Hablar estos d\u00edas del tema independentista me ast\u00eda, no lo voy a negar.\">Parlar aquests dies del tema independentista em asti\u00e0, no ho negar\u00e9. <\/span><span title=\"Hasta muchos amigos mios Catalanes ya est\u00e1n cansados, incluso antes que yo.\">Fins molts amics meus Catalans ja estan cansats, fins i tot abans que jo. <\/span><span title=\"Pero la responsabilidad pol\u00edtica y la madurez democr\u00e1tica nos obliga a tratar los temas, y entendernos. \">Per\u00f2 la responsabilitat pol\u00edtica i la maduresa democr\u00e0tica ens obliga a tractar els temes, i entendre&#8217;ns.<\/span><\/p>\n<p><span title=\"Como tema pol\u00edtico o ideal, la independencia es algo tan valido como cualquier otro objetivo.\">Com a tema pol\u00edtic o ideal, la independ\u00e8ncia \u00e9s una cosa tan valgut com qualsevol altre objectiu. <\/span><span title=\"Es un objetivo y como tal, esta dentro de utilidad de lo pol\u00edtico y social.\">\u00c9s un objectiu i com a tal, est\u00e0 dins d&#8217;utilitat del pol\u00edtic i social. <\/span><span title=\"Ni intentare, ni puedo, ni tengo energ\u00edas para hacer una disertaci\u00f3n perfecta, de argumentos econ\u00f3micos o n\u00fameros perfectos.\">Ni intentar\u00e9, ni puc, ni tinc energies per fer una dissertaci\u00f3 perfecta, d&#8217;arguments econ\u00f2mics o nombres perfectes. <\/span><span title=\"Y no creo que se me invalide mi defensa de lo que pienso es lo que debemos perseguir, mi objetivo, y el de muchos, tan valido como es el del independentismo. \">I no crec que se m&#8217;ha invalidi la meva defensa del que penso \u00e9s el que hem de perseguir, el meu objectiu, i el de molts, tan valgut com \u00e9s el de l&#8217;independentisme.<\/span><\/p>\n<p><span title=\"Le preguntaba el otro d\u00eda a un amigo Catal\u00e1n.\">Li preguntava l&#8217;altre dia a un amic Catal\u00e0. <\/span><span title=\"&quot;Marc si no s\u00f3c unionista\/espanyolista, ni s\u00f3c independentista, Qu\u00e8 s\u00f3c?&quot;\">&#8220;Marc si no s\u00f3c unionista \/ espanyolista, ni s\u00f3c independentista, Qu\u00e8 s\u00f3c?&#8221; <\/span><span title=\"y el Marc me respondi\u00f3, sonriente: &quot;Tens un problema&quot; Tengo un problema si, que no respeta... por obra y magia del discurso viciado, que ser reformista sea un opci\u00f3n.\">i el Marc em va respondre, somrient: &#8220;Tens un problema&#8221; Tinc un problema si, que no respecta&#8230; per obra i m\u00e0gia del discurs viciat, de ser reformista sigui un opci\u00f3. <\/span><span title=\"Esto ya esta pasado, es imposible. \">Aix\u00f2 ja aquesta passat, \u00e9s impossible.<\/span><\/p>\n<p><span title=\"Hubo un partido, que dec\u00eda era progresista y dec\u00eda que iba hacer muchas cosas... Reforma agraria mirando al Sur, Federalismo mirando a las periferias soberanistas... pero que hizo, pues nos tomo el pelo a todos. \">Hi va haver un partit, que deia era progressista i deia que anava fer moltes coses&#8230; Reforma agr\u00e0ria mirant al Sud, Federalisme mirant a les perif\u00e8ries sobiranistes&#8230; per\u00f2 que va fer, ja que ens prenc el p\u00e8l a tots.<\/span><\/p>\n<p><span title=\"\u00bfY ahora que?\">I ara que? <\/span><span title=\"Si los conservadores no son de fiar... es decir lo pepones... y el progresismo de la rosa es una estafa... a que nos cogemos... Ciertamente es triste... pero es as\u00ed. \">Si els conservadors no s\u00f3n de fiar&#8230; \u00e9s a dir el pepones&#8230; i el progressisme de la rosa \u00e9s una estafa&#8230; a que ens agafem?&#8230; Certament \u00e9s trist&#8230; per\u00f2 \u00e9s aix\u00ed.<\/span><\/p>\n<p><span title=\"Cuando discuto de la situaci\u00f3n pol\u00edtica que vivimos desde la crisis... soy muy duro.\">Quan discuteixo de la situaci\u00f3 pol\u00edtica que vivim des de la crisi&#8230; s\u00f3c molt dur. <\/span><span title=\"Duro cuando hablo con mi madre, con mi abuelo, gentes mayores o incluso gentes de mi edad... de cualquier punto del estado. \">Dur quan parlo amb la meva mare, amb el meu avia, gent gran o fins i tot gent de la meva edat&#8230; de qualsevol punt de l&#8217;estat.<\/span><\/p>\n<p><span title=\"\u00bfQue co\u00f1o hemos hecho para cambiar Espa\u00f1a en los mas de 30 a\u00f1os de democracia?\">Que cony hem fet per canviar Espanya en els m\u00e9s de 30 anys de democr\u00e0cia? <\/span><span title=\"\u00bfDe verdad lo hemos dado todo?\">De veritat ho hem donat tot? <\/span><span title=\"\u00bfHemos hecho nuestra la democracia y hemos entrado en el sistema y hemos intentado cambiar el sistema?\">Hem fet la nostra la democr\u00e0cia i hem entrat en el sistema i hem intentat canviar el sistema? <\/span><span title=\"\u00bfLo intentamos de verdad y no se pudo?\">\u00bfHo vam intentar de veritat i no es va poder? <\/span><span title=\"\u00bfESTO NO SE PUEDE CAMBIAR? \">\u00bfAIX\u00d2 NO ES POT CANVIAR?<\/span><\/p>\n<p><span title=\"Voy a ser sincero.\">Vaig a ser sincer. <\/span><span title=\"Despu\u00e9s de mas de 4 a\u00f1os desde el 15M, he discutido, pensado y madurado cada vez esta idea.\">Despr\u00e9s de m\u00e9s de 4 anys des del 15M, he discutit, pensat i madurat cada vegada aquesta idea. <\/span><span title=\"Y la respuesta es sencilla: NO HEMOS HECHO UNA PUTA MIERDA. \">I la resposta \u00e9s senzilla: NO HEM FET UNA PUTA MERDA.<\/span><\/p>\n<p><span title=\"\u00bfSab\u00e9is que hemos hecho?\">Sabeu que hem fet? <\/span><span title=\"Vivir de puta madre y dejar que otros llevaran nuestra casa a donde les salia de los cojones, mientras nosotros nadavamos en jaujar... SI, as\u00ed de duro... pq en los 90 aqu\u00ed todo quisqui estaba de puta madre... no\">Viure de puta mare i deixar que altres portessin casa nostra a on els sortia dels collons, mentre nosaltres <span id=\"result_box\" class=\"short_text\" lang=\"ca\"><span class=\"hps\">ned\u00e0vem<\/span><\/span> en jaujar&#8230; SI, aix\u00ed de dur&#8230; pq en els 90 aqu\u00ed tot quisqui estava de puta mare&#8230; no <\/span><span title=\"hacia falta estudiar, pasta por doquier... PGOUS... presidentes que se meten en grandes compa\u00f1\u00edas, o presidentes que las regalan... territorios que privatizan antes que nadie lo publico, agua, sanidad... pero tenemos pasta..\">calia estudiar, pasta per tot arreu&#8230; PGOUs&#8230; presidents que es fiquen en grans companyies, o presidents que les regalen&#8230; territoris que privatitzen abans que ning\u00fa ho publico, aigua, sanitat&#8230; per\u00f2 tenim pasta..<\/span><span title=\". no pasa nada... \">. no passa res&#8230;<\/span><\/p>\n<p><span title=\"El tema es, ten\u00edamos pasta... pas\u00e1bamos de la democracia, de las instituciones... los listos campaban a sus anchas... las mentes eruditas se iban del pa\u00eds... \">El tema \u00e9s, ten\u00edem pasta&#8230; pass\u00e0vem de la democr\u00e0cia, de les institucions &#8230; els llestos campaven al seu aire &#8230; les ments erudites s&#8217;anaven del pa\u00eds &#8230;<\/span><\/p>\n<p><span title=\"Para mas INRI, en muchas casa muchos padres... alimentaban el &quot;LA POL\u00cdTICA ES UNA MIERDA&quot; &quot;TODOS SON IGUALES&quot;... empujaban a sus ni\u00f1os a hacerse mas y mas futboleros... a dejarse la piel por la camisa del\">Per a m\u00e9s INRI, en moltes casa molts pares&#8230; alimentaven el &#8220;LA POL\u00cdTICA \u00c9S UNA MERDA&#8221; &#8220;TOTS S\u00d3N IGUALS&#8221;&#8230; empenyien als seus nens a fer-se mes i mes futbolers&#8230; a deixar-se la pell per la camisa del <\/span><span title=\"equipo X... \">equip X&#8230;<\/span><\/p>\n<p><span title=\"Si todo es cuesti\u00f3n de prioridades... queremos unas instituciones decentes con conductores decentes.\">Si tot \u00e9s q\u00fcesti\u00f3 de prioritats&#8230; volem unes institucions decents amb conductors decents. <\/span><span title=\"Dile a las generaciones que se forman, que es f\u00fatbol esta por encima de la pol\u00edtica y las instituciones... banaliza los valores de convivencia o el vecino...alimenta los prejuicios para que la gente este ciega y solo se preocupe de como el\">Digues a les generacions que es formen, <span id=\"result_box\" class=\"short_text\" lang=\"ca\"><span class=\"hps\">que el<\/span> <span class=\"hps\">futbol<\/span> <span class=\"hps\">est\u00e0 per sobre de<\/span> <span class=\"hps\">la pol\u00edtica<\/span><\/span> i les institucions&#8230; banalitza els valors de conviv\u00e8ncia o el ve\u00ed &#8230; alimenta els prejudicis perqu\u00e8 la gent aquest cega i nom\u00e9s es preocupi de com el <\/span><span title=\"vecino le roba... pero que no mire pa dentro... que hay est\u00e1n ellos campando a sus anchas... \">ve\u00ed li roba&#8230; per\u00f2 que no miri pa dins&#8230; que hi ha estan ells campant al seu aire &#8230;<\/span><\/p>\n<p><span title=\"Miramos siempre al Norte... Suecia... guaaaa!!!!\">Mirem sempre al Nord&#8230; Su\u00e8cia&#8230; guaaaauuu!!!! <\/span><span title=\"eso si que es un pa\u00eds.\">aix\u00f2 si que \u00e9s un pa\u00eds. <\/span><span title=\"Pero es que no es un pa\u00eds guay por la cara... los suecos se parten la cara por respetar sus instituciones... una de ellas la mas importante.\">Per\u00f2 \u00e9s que no \u00e9s un pa\u00eds guai per la cara&#8230; els suecs es parteixen la cara per respectar les seves institucions&#8230; una d&#8217;elles la m\u00e9s important. <\/span><span title=\"LA EDUCACI\u00d3N.\">L&#8217;EDUCACI\u00d3. <\/span><span title=\"Un profesor es dios, y se le prepara y se le exige como para ello.\">Un professor \u00e9s d\u00e9u, i se li prepara i se li exigeix \u200b\u200bcom per a aix\u00f2. <\/span><span title=\"Va a formar al futuro posible presidente de Suecia o profesor de las siguientes generaciones. \">Va a formar al futur possible president de Su\u00e8cia o professor de les seg\u00fcents generacions.<\/span><\/p>\n<p><span title=\"Pero nosotros aqu\u00ed, como vamos... Magisterio, con todo el respeto, es la meta media de los estudiantes... pero es que la meta autentica de las nuevas generaciones espa\u00f1olas, de todo el estado, es salir en la puta tele se\u00f1ores\">Per\u00f2 nosaltres aqu\u00ed, com anem&#8230; Magisteri, amb tot el respecte, \u00e9s la meta mitjana dels estudiants &#8230; per\u00f2 \u00e9s que la meta aut\u00e8ntica de les noves generacions espanyoles, de tot l&#8217;estat, \u00e9s sortir a la puta tele senyors<\/span><span title=\"... y esto pq... sera pq en casa ven como sus padres veneran esa tele con esos programas de ir all\u00ed, rajar o liarla... es decir sacar el animalito que llevamos dentro, eso que nos sale gratis sin m\u00e1s.\">&#8230; i aix\u00f2 pq&#8230; sera pq a casa veuen com els seus pares veneren aquesta tele amb aquests programes d&#8217;anar-hi, rajar o embolicar-&#8230; \u00e9s a dir treure l&#8217;animalet que portem dins, aix\u00f2 que ens surt gratis sense m\u00e9s. <\/span><span title=\".. Los suecos tambi\u00e9n son animales... pero si queremos parecernos a ellos, deber\u00edamos venerar mas los investigadores, mejores estudiantes, profesores, profesiones, aut\u00f3nomos... premiar a los mejores, ponerlos como ejemplo y ponerlos expandir sus habilidades a aquellos que\">.. Els suecs tamb\u00e9 s\u00f3n animals &#8230; per\u00f2 si volem semblar-nos a ells, haur\u00edem de venerar mes els investigadors, millors estudiants, professors, professions, aut\u00f2noms &#8230; premiar els millors, posar-los com a exemple i posar-los expandir les seves habilitats a aquells que <\/span><span title=\"sean susceptibles de querer ser eso en el futuro. \">siguin susceptibles de voler ser aix\u00f2 en el futur.<\/span><\/p>\n<p><span title=\"Pero somos un pa\u00eds de la leche.\">Per\u00f2 som un pa\u00eds de la llet. <\/span><span title=\"Sale el 15M, si mola mola... oigan cambien este en 3 mese... no se puedeeeee... si se puedeee... a ver que si que se puede... pero que esto es el principio.\">Surt el 15M, si mola mola&#8230; sentin &#8220;canvi\u00efn aquest en 3 mesos&#8221;&#8230; <span id=\"result_box\" class=\"short_text\" lang=\"ca\"><span class=\"hps\">no<\/span> <span class=\"hps\">es<\/span> <span class=\"hps\">pooooot<\/span><span class=\"hps\">&#8230;<\/span> <span class=\"hps\">si<\/span> <span class=\"hps\">\u00e9s<\/span> <span class=\"hps\">pooooot<\/span><\/span>&#8230; a veure que si que es pot&#8230; per\u00f2 que aix\u00f2 \u00e9s el principi. <\/span><span title=\"Vayan ustedes a las elecciones.\">Vagin vost\u00e8s a les eleccions. <\/span><span title=\"Pues eso que vamos... anda ahora dicen que somos unos frikis... que no somos serios... comor??? \">Doncs aix\u00f2 que anem.. camina ara diuen que som uns frikis&#8230; que no som seriosos&#8230; comor ???<\/span><\/p>\n<p><span title=\"Pero es que es verdad... hay que ser m\u00e1s listos.\">Per\u00f2 \u00e9s que \u00e9s veritat&#8230; cal ser m\u00e9s llestos. <\/span><span title=\"El electorado es como es, pues adapt\u00e9monos y introduzc\u00e1monos h\u00e1bilmente... anda el de Podemos... anda pero si se parecen a los otros a la casta... Madre m\u00eda!\">L&#8217;electorat \u00e9s com \u00e9s, doncs Adaptem-i introduzc\u00e1monos h\u00e0bilment&#8230; camina el de Podem&#8230; camina per\u00f2 si s&#8217;assemblen als altres a la casta&#8230; Mare meva! <\/span><span title=\"Ejercicio de imaginaci\u00f3n, F\u00c1CIL: \">Exercici d&#8217;imaginaci\u00f3, F\u00c0CIL:<\/span><\/p>\n<p><span title=\"Rajoy VS Merkel... ejem \">Rajoy VS Merkel&#8230; e-jem<br \/>\n<\/span><span title=\"Pablo Iglesias VS Merkel... es que no hay color \">Pablo Iglesias VS Merkel&#8230; \u00e9s que no hi ha color<\/span><\/p>\n<p><span title=\"Quien dice Pablo Iglesias, dice miles de j\u00f3venes de nuestra generaci\u00f3n preparados, que se est\u00e1n presentando en partidos nuevo progresistas desde el 15M, en plataformas ciudadanas... etc... \">Qui diu Pablo Iglesias, diu milers de joves de la nostra generaci\u00f3 preparats, que s&#8217;estan presentant en partits nou progressistes des del 15M, en plataformes ciutadanes&#8230; etc&#8230;<\/span><\/p>\n<p><span title=\"Ada Colau... o la de Madrid que nunca me sale.\">Ada Colau&#8230; o la de Madrid que mai em surt. <\/span><span title=\"Mirad lo que hemos conseguido.\">Mireu el que hem aconseguit. <\/span><span title=\"Pero solo es el principio.\">Per\u00f2 nom\u00e9s \u00e9s el principi. <\/span><span title=\"Para REFORMAR nuestro estado, juntos podremos, necesitamos ser perseverantes.\">Per reformar el nostre estat, junts podrem, necessitem ser perseverants. <\/span><span title=\"Tener esperanza, pq aunque mucha gente, y lo entiendo, haya perdido la esperanza.Estoy convencido de que existe una Espa\u00f1a donde Catalanes, Andaluces, Vascos, Madrile\u00f1os\u2026 se quieren, se aman y se respetan.\">Tenir esperan\u00e7a, pq encara que molta gent, i ho entenc, hagi perdut la esperan\u00e7a. Estic conven\u00e7ut que hi ha una Espanya on Catalans, Andalusos, Bascos, Madrilenys&#8230; s&#8217;estimen, s&#8217;estimen i es respecten. <\/span><span title=\"Esa Espa\u00f1a es la que represento.\">Aquesta Espanya \u00e9s la que represento. <\/span><span title=\"La otra no la quiero ver ni en pintura.\">L&#8217;altra no la vull veure ni en pintura. <\/span><span title=\"\u00bfSe entiende aixo? \">S&#8217;ent\u00e9n aixo?<\/span><\/p>\n<p><span title=\"Esa Espa\u00f1a que siempre he querido, donde ve\u00eda a mi familia de Madrid, el pa\u00eds Vasco, Valencia... y recib\u00eda amor.\">Aquesta Espanya que sempre he volgut, on veia a la meva fam\u00edlia de Madrid, el Pa\u00eds Basc, Val\u00e8ncia&#8230; i rebia amor. <\/span><span title=\"Mis primos.\">Els meus cosins. <\/span><span title=\"Y ahora que viajado y soy mas mayor, y me metido en pol\u00edtica.\">I ara que viatjat i s\u00f3c mes gran, i em ficat en pol\u00edtica. <\/span><span title=\"Aun mas personas han pasado por mi vida, de muchos lugares y ideolog\u00edas.\">Encara m\u00e9s persones han passat per la meva vida, de molts llocs i ideologies. <\/span><span title=\"Y mi experiencia de vida, es que se puede dialogar y se puede convivir.\">I la meva experi\u00e8ncia de vida, \u00e9s que es pot dialogar i es pot conviure. <\/span><span title=\"Pero hace falta que hagamos las cosas como se debe, como nos gusta en Sucia si quer\u00e9is... juntos construir mayor\u00edas y limpiar nuestra casa, nuestro estado.\">Per\u00f2 cal que fem les coses com cal, com ens agrada a Bruta si voleu&#8230; junts construir majories i netejar la nostra casa, el nostre estat. <\/span><span title=\"Que siempre fue nuestro, y tanto pasamos de el.\">Que sempre va ser el nostre, i tant passem del. <\/span><span title=\"Luchar por el y ganarlo, como otras tantas cosas de la vida. \">Lluitar pel i guanyar-lo, com altres tantes coses de la vida.<\/span><\/p>\n<p><span title=\"Como he prometido no he hablado de n\u00fameros ni de econom\u00eda.\">Com he prom\u00e8s no he parlat de nombres ni d&#8217;economia. <\/span><span title=\"No quiere decir que me parezcan menos importantes.\">No vol dir que em semblin menys importants. <\/span><span title=\"Pero creo que sin esta revoluci\u00f3n, tener mas pasta en el bolsillo... o pensar que siendo menos podremos arreglar las cosas mejor, no convence.\">Per\u00f2 crec que sense aquesta revoluci\u00f3, tenir mes pasta a la butxaca&#8230; o pensar que sent menys podrem arreglar les coses millor, no conven\u00e7. <\/span><span title=\"Porque siento decir, que donde unos no quieren ver problemas similares.\">Perqu\u00e8 sento dir, que on uns no volen veure problemes similars. <\/span><span title=\"Por desgracia Catalu\u00f1a tiene los mismos problemas sist\u00e9micos que el resto de territorios y que el conjunto del estado. \">Per desgr\u00e0cia Catalunya t\u00e9 els mateixos problemes sist\u00e8mics que la resta de territoris i que el conjunt de l&#8217;estat.<\/span><\/p>\n<p><span title=\"Si primero no abordamos eso, mediante un proceso constituyente.\">Si primer no abordem aix\u00f2, mitjan\u00e7ant un proc\u00e9s constituent. <\/span><span title=\"Donde pongamos encima de la mesa la justicia y equidad social, y el problema de convivencia ecologica... realmente iremos a pique... pues el sistema social, productivo-econ\u00f3mico seguir\u00e1 destruyendo nuestra sociedad, la m\u00eda de hoy: la catalana.\">On posem damunt de la taula la just\u00edcia i equitat social, i el problema de conviv\u00e8ncia ecol\u00f2gica&#8230; realment anirem en orris&#8230; doncs el sistema social, productiu-econ\u00f2mic seguir\u00e0 destruint la nostra societat, la meva d&#8217;avui: la catalana.<\/span><\/p>","protected":false},"excerpt":{"rendered":"<p>Futur, per\u00f2 tamb\u00e9 present i passat&#8230; Al juliol meu cos\u00ed Josemari va venir al Rock Festival a Santaco&#8230; Vaja estoneta mes wena que tiri amb l&#8217;i la seva coleguita de Madrid. I \u00e9s clar, va sortir el tema de la independ\u00e8ncia a Catalunya i tot aix\u00f2. El meu cos\u00ed per mi \u00e9s un exemple de&hellip;<\/p>\n<p class=\"more\"><a class=\"more-link\" href=\"http:\/\/www.davidgamizjimenez.com\/ca\/equothings-mine-or-from-my-head\/espanol-mezcla-de-gentes-y-el-futuro-de-espana\/\">Continue reading <span class=\"screen-reader-text\">Barreja de gents i el futur d&#8217;Espanya<\/span><\/a><\/p>\n","protected":false},"author":1,"featured_media":0,"comment_status":"open","ping_status":"open","sticky":false,"template":"","format":"standard","meta":{"jetpack_post_was_ever_published":false,"_jetpack_newsletter_access":"","_jetpack_dont_email_post_to_subs":false,"_jetpack_newsletter_tier_id":0,"_jetpack_memberships_contains_paywalled_content":false,"_jetpack_memberships_contains_paid_content":false,"footnotes":"","jetpack_publicize_message":"","jetpack_publicize_feature_enabled":true,"jetpack_social_post_already_shared":true,"jetpack_social_options":{"image_generator_settings":{"template":"highway","default_image_id":0,"font":"","enabled":false},"version":2}},"categories":[54],"tags":[],"class_list":["post-1105","post","type-post","status-publish","format-standard","hentry","category-equothings-mine-or-from-my-head","entry"],"jetpack_publicize_connections":[],"jetpack_featured_media_url":"","jetpack_sharing_enabled":true,"jetpack_shortlink":"https:\/\/wp.me\/pco8Eh-hP","_links":{"self":[{"href":"http:\/\/www.davidgamizjimenez.com\/ca\/wp-json\/wp\/v2\/posts\/1105","targetHints":{"allow":["GET"]}}],"collection":[{"href":"http:\/\/www.davidgamizjimenez.com\/ca\/wp-json\/wp\/v2\/posts"}],"about":[{"href":"http:\/\/www.davidgamizjimenez.com\/ca\/wp-json\/wp\/v2\/types\/post"}],"author":[{"embeddable":true,"href":"http:\/\/www.davidgamizjimenez.com\/ca\/wp-json\/wp\/v2\/users\/1"}],"replies":[{"embeddable":true,"href":"http:\/\/www.davidgamizjimenez.com\/ca\/wp-json\/wp\/v2\/comments?post=1105"}],"version-history":[{"count":0,"href":"http:\/\/www.davidgamizjimenez.com\/ca\/wp-json\/wp\/v2\/posts\/1105\/revisions"}],"wp:attachment":[{"href":"http:\/\/www.davidgamizjimenez.com\/ca\/wp-json\/wp\/v2\/media?parent=1105"}],"wp:term":[{"taxonomy":"category","embeddable":true,"href":"http:\/\/www.davidgamizjimenez.com\/ca\/wp-json\/wp\/v2\/categories?post=1105"},{"taxonomy":"post_tag","embeddable":true,"href":"http:\/\/www.davidgamizjimenez.com\/ca\/wp-json\/wp\/v2\/tags?post=1105"}],"curies":[{"name":"wp","href":"https:\/\/api.w.org\/{rel}","templated":true}]}}